{"id":3150,"date":"2023-11-16T00:37:56","date_gmt":"2023-11-16T00:37:56","guid":{"rendered":"https:\/\/asociacionlatinoamericanadeantropologia.net\/portal\/?p=3150"},"modified":"2023-11-16T00:38:18","modified_gmt":"2023-11-16T00:38:18","slug":"programa-iii-encuentro-pre-ala-rumbo-al-vii-congreso-ala","status":"publish","type":"post","link":"https:\/\/asociacionlatinoamericanadeantropologia.net\/portal\/2023\/11\/16\/programa-iii-encuentro-pre-ala-rumbo-al-vii-congreso-ala\/","title":{"rendered":"Programa III Encuentro Pre ALA rumbo al VII Congreso ALA"},"content":{"rendered":"<div class=\"\" data-block=\"true\" data-editor=\"gpnc\" data-offset-key=\"56pfu-0-0\">\n<div class=\"_1mf _1mj\" data-offset-key=\"56pfu-0-0\"><span style=\"font-size: 16px;\">martes 21 de noviembre de 2023, 14:00 ARG<\/span><\/div>\n<\/div>\n<div class=\"\" data-block=\"true\" data-editor=\"gpnc\" data-offset-key=\"3129b-0-0\">\n<div class=\"_1mf _1mj\" data-offset-key=\"3129b-0-0\"><span data-offset-key=\"3129b-0-0\">\ud83d\udfe0Panel \u201cHistoricismo en Antropolog\u00eda\u201d<\/span><\/div>\n<\/div>\n<div class=\"\" data-block=\"true\" data-editor=\"gpnc\" data-offset-key=\"2h75c-0-0\">\n<div class=\"_1mf _1mj\" data-offset-key=\"2h75c-0-0\"><span data-offset-key=\"2h75c-0-0\">\ud83d\udd34Conversan Alejandra Roca, Eduardo Restrepo y Josefina Mart\u00ednez. Presenta L\u00eda Ferrero. Comenta Gonzalo D\u00edaz Crovetto<\/span><\/div>\n<div data-offset-key=\"2h75c-0-0\"><\/div>\n<div class=\"_1mf _1mj\" data-offset-key=\"2h75c-0-0\"><span style=\"font-size: 16px;\">mi\u00e9rcoles 22 de noviembre 10hs a 11hs ARG<\/span><\/div>\n<\/div>\n<div class=\"\" data-block=\"true\" data-editor=\"gpnc\" data-offset-key=\"n3fv-0-0\">\n<div class=\"_1mf _1mj\" data-offset-key=\"n3fv-0-0\"><span data-offset-key=\"n3fv-0-0\">\ud83d\udd34Presentaci\u00f3n del VII Congreso ALA<\/span><\/div>\n<\/div>\n<div class=\"\" data-block=\"true\" data-editor=\"gpnc\" data-offset-key=\"1j6rh-0-0\">\n<div class=\"_1mf _1mj\" data-offset-key=\"1j6rh-0-0\"><span data-offset-key=\"1j6rh-0-0\">\ud83d\udfe0A cargo de L\u00eda Ferrero (Presidenta de ALA), Nicol\u00e1s Barrera (Director de la Escuela de Antropolog\u00eda) y Marilin L\u00f3pez Fittipaldi (Presidenta de la AAR)<\/span><\/div>\n<div data-offset-key=\"1j6rh-0-0\"><\/div>\n<div class=\"_1mf _1mj\" data-offset-key=\"1j6rh-0-0\"><span style=\"font-size: 16px;\">mi\u00e9rcoles 22 de noviembre 16hs a 18hs ARG<\/span><\/div>\n<\/div>\n<div class=\"\" data-block=\"true\" data-editor=\"gpnc\" data-offset-key=\"9t6o1-0-0\">\n<div class=\"_1mf _1mj\" data-offset-key=\"9t6o1-0-0\"><span data-offset-key=\"9t6o1-0-0\">\ud83d\udd34Panel \u201cLOS RACISMOS EN LA ARGENTINA\u201d<\/span><\/div>\n<\/div>\n<div class=\"\" data-block=\"true\" data-editor=\"gpnc\" data-offset-key=\"8g7cp-0-0\">\n<div class=\"_1mf _1mj\" data-offset-key=\"8g7cp-0-0\"><span data-offset-key=\"8g7cp-0-0\">\ud83d\udfe0Conversan Julia Broguet, Diana Lenton, Carolina \u00c1lvarez \u00c1vila y Sandra Hoyos conversan sobre. Coordinan: Agostina Gagliolo y Eliana Maiolino<\/span><\/div>\n<div data-offset-key=\"8g7cp-0-0\"><\/div>\n<div class=\"_1mf _1mj\" data-offset-key=\"8g7cp-0-0\"><span style=\"font-size: 16px;\">mi\u00e9rcoles 22 de noviembre 18:30hs a 20hs ARG<\/span><\/div>\n<\/div>\n<div class=\"\" data-block=\"true\" data-editor=\"gpnc\" data-offset-key=\"5t7qf-0-0\">\n<div class=\"_1mf _1mj\" data-offset-key=\"5t7qf-0-0\"><span data-offset-key=\"5t7qf-0-0\">\ud83d\udd34Panel \u201cLOS RACISMOS EN NUESTRA AM\u00c9RICA, PERSPECTIVAS DESDE EL SUR\u201d<\/span><\/div>\n<\/div>\n<div class=\"\" data-block=\"true\" data-editor=\"gpnc\" data-offset-key=\"b1cid-0-0\">\n<div class=\"_1mf _1mj\" data-offset-key=\"b1cid-0-0\"><span data-offset-key=\"b1cid-0-0\">\ud83d\udfe0Conversan Alejandro Frigerio y Eduardo Restrepo. Coordina: Manuela Rodr\u00edguez<\/span><\/div>\n<div data-offset-key=\"b1cid-0-0\"><\/div>\n<div class=\"_1mf _1mj\" data-offset-key=\"b1cid-0-0\"><span style=\"font-size: 16px;\">jueves 23 de noviembre de 2023, 10hs a 11hs ARG<\/span><\/div>\n<\/div>\n<div class=\"\" data-block=\"true\" data-editor=\"gpnc\" data-offset-key=\"1sb43-0-0\">\n<div class=\"_1mf _1mj\" data-offset-key=\"1sb43-0-0\"><span data-offset-key=\"1sb43-0-0\">\ud83d\udd34Panel \u00abVIOLENCIA DE G\u00c9NERO EN EVENTOS ACAD\u00c9MICOS:\u00bfC\u00d3MO PREVENIRLA?\u00bb<\/span><\/div>\n<\/div>\n<div class=\"\" data-block=\"true\" data-editor=\"gpnc\" data-offset-key=\"d1brd-0-0\">\n<div class=\"_1mf _1mj\" data-offset-key=\"d1brd-0-0\"><span data-offset-key=\"d1brd-0-0\">\ud83d\udfe0Conversan Patricia Casta\u00f1eda Salgado, Natalia Cocciarini y Florencia Rovetto. Coordina: Ver\u00f3nica L\u00f3pez Tessore.<\/span><\/div>\n<div data-offset-key=\"d1brd-0-0\"><\/div>\n<div class=\"_1mf _1mj\" data-offset-key=\"d1brd-0-0\"><span style=\"font-size: 16px;\">jueves 23 de noviembre de 2023, 18:30hs a 20hs ARG<\/span><\/div>\n<\/div>\n<div class=\"\" data-block=\"true\" data-editor=\"gpnc\" data-offset-key=\"d5ftc-0-0\">\n<div class=\"_1mf _1mj\" data-offset-key=\"d5ftc-0-0\"><span data-offset-key=\"d5ftc-0-0\">\ud83d\udd34Panel \u00abDEBATIR LA PROFESIONALIZACI\u00d3N EN EL CAMPO DE LA ANTROPOLOG\u00cdA: PROCESOS, DESAF\u00cdOS Y PERSPECTIVAS\u00bb<\/span><\/div>\n<\/div>\n<div class=\"\" data-block=\"true\" data-editor=\"gpnc\" data-offset-key=\"4hf4l-0-0\">\n<div class=\"_1mf _1mj\" data-offset-key=\"4hf4l-0-0\"><span data-offset-key=\"4hf4l-0-0\">\ud83d\udfe0Conversan L\u00eda Ferrero (ALA), Betty Francia (AUAS), Maril\u00edn L\u00f3pez Fittipaldi (AAR). Coordina: Agustina Cinto (AAR)<\/span><\/div>\n<div data-offset-key=\"4hf4l-0-0\"><\/div>\n<div class=\"_1mf _1mj\" data-offset-key=\"4hf4l-0-0\"><span style=\"font-size: 16px;\">viernes 24 de noviembre de 2023, 11:00hs a 13hs ARG<\/span><\/div>\n<\/div>\n<div class=\"\" data-block=\"true\" data-editor=\"gpnc\" data-offset-key=\"60e9g-0-0\">\n<div class=\"_1mf _1mj\" data-offset-key=\"60e9g-0-0\"><span data-offset-key=\"60e9g-0-0\">\ud83d\udd34Presentaci\u00f3n del libro \u201cLAS ANTROPOLOG\u00cdAS HECHAS EN CHILE\u201d, serie \u00abLAS ANTROPOLOG\u00cdAS HECHAS EN AM\u00c9RICA LATINA Y EL CARIBE (ALA)\u00bb <\/span><\/div>\n<\/div>\n<div class=\"\" data-block=\"true\" data-editor=\"gpnc\" data-offset-key=\"fc38d-0-0\">\n<div class=\"_1mf _1mj\" data-offset-key=\"fc38d-0-0\"><span data-offset-key=\"fc38d-0-0\">\ud83d\udfe0Conversan Gonzalo D\u00edaz Crovetto, Gemma Rojas y Eduardo Restrepo. Coordina: L\u00eda Ferrero<img fetchpriority=\"high\" decoding=\"async\" class=\"alignnone size-full wp-image-3151\" src=\"https:\/\/asociacionlatinoamericanadeantropologia.net\/portal\/wp-content\/uploads\/2023\/11\/Programa-Pre-ALA-ROSARIO-1-BLOG.jpg\" alt=\"\" width=\"300\" height=\"300\" srcset=\"https:\/\/asociacionlatinoamericanadeantropologia.net\/portal\/wp-content\/uploads\/2023\/11\/Programa-Pre-ALA-ROSARIO-1-BLOG.jpg 300w, https:\/\/asociacionlatinoamericanadeantropologia.net\/portal\/wp-content\/uploads\/2023\/11\/Programa-Pre-ALA-ROSARIO-1-BLOG-150x150.jpg 150w\" sizes=\"(max-width: 300px) 100vw, 300px\" \/> <img decoding=\"async\" class=\"alignnone size-medium wp-image-3152\" src=\"https:\/\/asociacionlatinoamericanadeantropologia.net\/portal\/wp-content\/uploads\/2023\/11\/Programa-Pre-ALA-ROSARIO-2-BLOG.jpg\" alt=\"\" width=\"300\" height=\"300\" srcset=\"https:\/\/asociacionlatinoamericanadeantropologia.net\/portal\/wp-content\/uploads\/2023\/11\/Programa-Pre-ALA-ROSARIO-2-BLOG.jpg 300w, https:\/\/asociacionlatinoamericanadeantropologia.net\/portal\/wp-content\/uploads\/2023\/11\/Programa-Pre-ALA-ROSARIO-2-BLOG-150x150.jpg 150w\" sizes=\"(max-width: 300px) 100vw, 300px\" \/><\/span><\/div>\n<\/div>\n","protected":false},"excerpt":{"rendered":"<p>martes 21 de noviembre de 2023, 14:00 ARG \ud83d\udfe0Panel \u201cHistoricismo en Antropolog\u00eda\u201d \ud83d\udd34Conversan Alejandra Roca, Eduardo Restrepo y Josefina Mart\u00ednez. Presenta L\u00eda Ferrero. Comenta Gonzalo D\u00edaz Crovetto mi\u00e9rcoles 22 de noviembre 10hs a 11hs ARG \ud83d\udd34Presentaci\u00f3n del VII Congreso ALA \ud83d\udfe0A cargo de L\u00eda Ferrero (Presidenta de ALA), Nicol\u00e1s Barrera (Director de la Escuela de &hellip;<\/p>\n<p class=\"read-more\"> <a class=\"\" href=\"https:\/\/asociacionlatinoamericanadeantropologia.net\/portal\/2023\/11\/16\/programa-iii-encuentro-pre-ala-rumbo-al-vii-congreso-ala\/\"> <span class=\"screen-reader-text\">Programa III Encuentro Pre ALA rumbo al VII Congreso ALA<\/span> Leer m\u00e1s &raquo;<\/a><\/p>\n","protected":false},"author":17,"featured_media":0,"comment_status":"open","ping_status":"open","sticky":false,"template":"","format":"standard","meta":{"site-sidebar-layout":"default","site-content-layout":"default","ast-main-header-display":"","ast-hfb-above-header-display":"","ast-hfb-below-header-display":"","ast-hfb-mobile-header-display":"","site-post-title":"","ast-breadcrumbs-content":"","ast-featured-img":"","footer-sml-layout":"","theme-transparent-header-meta":"","adv-header-id-meta":"","stick-header-meta":"","header-above-stick-meta":"","header-main-stick-meta":"","header-below-stick-meta":"","footnotes":""},"categories":[3,1],"tags":[],"class_list":["post-3150","post","type-post","status-publish","format-standard","hentry","category-blog","category-noticias"],"_links":{"self":[{"href":"https:\/\/asociacionlatinoamericanadeantropologia.net\/portal\/wp-json\/wp\/v2\/posts\/3150","targetHints":{"allow":["GET"]}}],"collection":[{"href":"https:\/\/asociacionlatinoamericanadeantropologia.net\/portal\/wp-json\/wp\/v2\/posts"}],"about":[{"href":"https:\/\/asociacionlatinoamericanadeantropologia.net\/portal\/wp-json\/wp\/v2\/types\/post"}],"author":[{"embeddable":true,"href":"https:\/\/asociacionlatinoamericanadeantropologia.net\/portal\/wp-json\/wp\/v2\/users\/17"}],"replies":[{"embeddable":true,"href":"https:\/\/asociacionlatinoamericanadeantropologia.net\/portal\/wp-json\/wp\/v2\/comments?post=3150"}],"version-history":[{"count":3,"href":"https:\/\/asociacionlatinoamericanadeantropologia.net\/portal\/wp-json\/wp\/v2\/posts\/3150\/revisions"}],"predecessor-version":[{"id":3155,"href":"https:\/\/asociacionlatinoamericanadeantropologia.net\/portal\/wp-json\/wp\/v2\/posts\/3150\/revisions\/3155"}],"wp:attachment":[{"href":"https:\/\/asociacionlatinoamericanadeantropologia.net\/portal\/wp-json\/wp\/v2\/media?parent=3150"}],"wp:term":[{"taxonomy":"category","embeddable":true,"href":"https:\/\/asociacionlatinoamericanadeantropologia.net\/portal\/wp-json\/wp\/v2\/categories?post=3150"},{"taxonomy":"post_tag","embeddable":true,"href":"https:\/\/asociacionlatinoamericanadeantropologia.net\/portal\/wp-json\/wp\/v2\/tags?post=3150"}],"curies":[{"name":"wp","href":"https:\/\/api.w.org\/{rel}","templated":true}]}}