{"id":3158,"date":"2023-12-01T15:44:13","date_gmt":"2023-12-01T15:44:13","guid":{"rendered":"https:\/\/asociacionlatinoamericanadeantropologia.net\/portal\/?p=3158"},"modified":"2024-01-09T01:29:43","modified_gmt":"2024-01-09T01:29:43","slug":"comunicado-ala","status":"publish","type":"post","link":"https:\/\/asociacionlatinoamericanadeantropologia.net\/portal\/2023\/12\/01\/comunicado-ala\/","title":{"rendered":"Comunicado ALA por Guatemala"},"content":{"rendered":"<div>\n<p>Ante los hechos ocurridos en Guatemala desde la Asociaci\u00f3n Latinoamericana de Antropolog\u00eda condenamos y rechazamos la criminalizaci\u00f3n, persecuci\u00f3n penal y las capturas ilegales de estudiantes y profesores universitarios y de miembros de organizaciones sociales; as\u00ed como la pretensi\u00f3n de atentar contra la democracia guatemalteca al despojar de sus derechos de antejuicio e inmunidad a autoridades leg\u00edtimamente electas<\/p>\n<\/div>\n<p><span style=\"font-size: 14pt;\"><strong>Comunicado ALA<\/strong><\/span><\/p>\n<p><strong>La lucha por la democracia y la universidad p\u00fablica en Guatemala<\/strong><\/p>\n<p>Desde 2017 Guatemala vive una ofensiva autoritaria que ha incluido la plena cooptaci\u00f3n del Estado y la criminalizaci\u00f3n de opositores.\u00a0 Una coalici\u00f3n de redes de corrupci\u00f3n que incluyen a funcionarios, pol\u00edticos, empresarios, militares en situaci\u00f3n de retiro y grupos del crimen organizado han tomado control de la institucionalidad p\u00fablica, incluyendo el ejecutivo, el legislativo y el sistema de justicia, as\u00ed como la Procuradur\u00eda de Derechos Humanos, la Contralor\u00eda General de Cuentas y la Universidad de San Carlos de Guatemala-USAC (\u00fanica universidad p\u00fablica del pa\u00eds).<\/p>\n<p>La coalici\u00f3n gobernante apoy\u00f3 un fraude electoral en la elecci\u00f3n del rector de la USAC en el que tom\u00f3 el poder ileg\u00edtimamente Walter Ramiro Mazariegos para el periodo 2022-2026. Estudiantes organizados tomaron la sede central de la USAC y otros centros regionales entre abril de 2022 y junio de 2023 como respuesta al fraude. Los estudiantes hicieron un llamado a las autoridades universitarias y convocaron a los medios de comunicaci\u00f3n para mostrar el estado en el que hicieron entrega de las instalaciones, conscientes de una potencial criminalizaci\u00f3n en su contra. Las autoridades no atendieron al llamado estudiantil y se presentaron despu\u00e9s con personal del Ministerio P\u00fablico.<\/p>\n<p>El pasado 16 de noviembre el Ministerio P\u00fablico allan\u00f3 31 inmuebles en busca de 27 personas con \u00f3rdenes de captura por su vinculaci\u00f3n al caso que denominaron \u201cToma de la USAC: bot\u00edn pol\u00edtico\u201d. Se imputa a estudiantes, profesores y miembros de organizaciones sociales y de derechos humanos de usurpaci\u00f3n agravada en forma continuada, depredaci\u00f3n de bienes culturales, sedici\u00f3n en forma continuada y asociaci\u00f3n il\u00edcita (un delito de la ley contra el crimen organizado). Ese d\u00eda fueron capturados Javier de Le\u00f3n (estudiante de la Escuela de Ciencias F\u00edsicas y Matem\u00e1ticas), el Dr. Eduardo Vel\u00e1squez (ex Decano de la Facultad de Ciencias Econ\u00f3micas y ex presidente de la Asociaci\u00f3n Latinoamericana de Ciencias Sociales -ALAS-), el Dr. Rodolfo Chang (Decano de la Facultad de Veterinaria y Zootecnia), el Ing. Alfredo Beber (Profesor de la Facultad de Ingenier\u00eda) y Marcela Blanco egresada de la Universidad Rafael Land\u00edvar y ex candidata a diputada por el partido que gan\u00f3 las elecciones nacionales. El Ministerio P\u00fablico est\u00e1 utilizando este caso como una estrategia para castigar a aquellos que se opusieron a Mazariegos, desestabilizar pol\u00edticamente y atentar contra la democracia del pa\u00eds, pues pretende solicitar el retiro del derecho de antejuicio al presidente y vicepresidente electos, Bernardo Ar\u00e9valo y Karin Herrera (y otros siete pol\u00edticos) por haberse manifestado en <a href=\"https:\/\/lahora.gt\/nacionales\/maldana\/2023\/11\/16\/enredados-para-alegar-fraude-el-mp-recurre-al-caso-usac-contra-arevalo\/\">redes sociales sobre la toma de la USAC o estar presentes en conferencias de prensa<\/a> que se ofrecieron en la USAC. El 25 de noviembre el juez lig\u00f3 a proceso penal a los detenidos, otorg\u00f3 medida sustitutiva y libertad bajo fianza por Q 10,000.00 (US$1,280.00); el Ministerio P\u00fablico present\u00f3 un recurso de apelaci\u00f3n contra esta resoluci\u00f3n.<\/p>\n<p>Esto se enmarca en una ofensiva por intentar detener la toma de posesi\u00f3n el 14 de enero de 2024 del Movimiento Semilla, partido que gan\u00f3 leg\u00edtimamente las elecciones en segunda vuelta este a\u00f1o. El Movimiento Semilla, es un partido joven, con cuadros pol\u00edticos plurales que buscan reconstruir la democracia con una agenda que incluye una lucha anticorrupci\u00f3n. De ah\u00ed que, antes de la segunda vuelta de las elecciones, el gobierno y las redes de corrupci\u00f3n han intentado perpetuarse en el poder a trav\u00e9s de la <a href=\"https:\/\/www.mp.gob.gt\/noticia\/ministerio-publico-da-a-conocer-detalles-sobre-el-caso-corrupcion-semilla\/\">fabricaci\u00f3n de casos<\/a> contra miembros del partido y la <a href=\"https:\/\/www.plazapublica.com.gt\/content\/cronica-del-cuarto-golpe-las-elecciones-el-mp-arrebato-las-actas-al-tse\">deslegitimaci\u00f3n de los resultados electorales<\/a> alegando fraude y persiguiendo penalmente a magistrados y personal del <a href=\"https:\/\/prensacomunitaria.org\/2023\/11\/congreso-decidira-si-retira-antejuicio-a-magistrados-del-tse\/\">Tribunal Supremo Electoral<\/a>.<\/p>\n<p>Ante este panorama desde la Asociaci\u00f3n Latinoamericana de Antropolog\u00eda condenamos y rechazamos la criminalizaci\u00f3n, persecuci\u00f3n penal y las capturas ilegales de estudiantes y profesores universitarios y de miembros de organizaciones sociales; as\u00ed como la pretensi\u00f3n de atentar contra la democracia guatemalteca al despojar de sus derechos de antejuicio e inmunidad a autoridades leg\u00edtimamente electas.<\/p>\n<p>Hacemos un llamado a acompa\u00f1ar al pueblo de Guatemala en su lucha por la democracia, la defensa de la autonom\u00eda universitaria y la educaci\u00f3n superior p\u00fablica, para que no se silencien las voces y ni se obstaculicen las acciones de quienes desde la academia y espacios pol\u00edticos plurales buscan la construcci\u00f3n de una Guatemala sin autoritarismo, corrupci\u00f3n, desigualdad, racismo y discriminaci\u00f3n, una Guatemala en digna primavera democr\u00e1tica.<\/p>\n<a href=\"https:\/\/asociacionlatinoamericanadeantropologia.net\/portal\/wp-content\/uploads\/2023\/12\/Comunicado-por-Guatemala-ALA.pdf\" class=\"pdfemb-viewer\" style=\"width:450px;height:580px;\" data-width=\"450\" data-height=\"580\" data-toolbar=\"both\" data-toolbar-fixed=\"on\">Comunicado por Guatemala-ALA<\/a>\n<p>&nbsp;<\/p>\n","protected":false},"excerpt":{"rendered":"<p>Ante los hechos ocurridos en Guatemala desde la Asociaci\u00f3n Latinoamericana de Antropolog\u00eda condenamos y rechazamos la criminalizaci\u00f3n, persecuci\u00f3n penal y las capturas ilegales de estudiantes y profesores universitarios y de miembros de organizaciones sociales; as\u00ed como la pretensi\u00f3n de atentar contra la democracia guatemalteca al despojar de sus derechos de antejuicio e inmunidad a autoridades &hellip;<\/p>\n<p class=\"read-more\"> <a class=\"\" href=\"https:\/\/asociacionlatinoamericanadeantropologia.net\/portal\/2023\/12\/01\/comunicado-ala\/\"> <span class=\"screen-reader-text\">Comunicado ALA por Guatemala<\/span> Leer m\u00e1s &raquo;<\/a><\/p>\n","protected":false},"author":17,"featured_media":3164,"comment_status":"open","ping_status":"open","sticky":false,"template":"","format":"standard","meta":{"site-sidebar-layout":"default","site-content-layout":"default","ast-main-header-display":"","ast-hfb-above-header-display":"","ast-hfb-below-header-display":"","ast-hfb-mobile-header-display":"","site-post-title":"","ast-breadcrumbs-content":"","ast-featured-img":"","footer-sml-layout":"","theme-transparent-header-meta":"","adv-header-id-meta":"","stick-header-meta":"","header-above-stick-meta":"","header-main-stick-meta":"","header-below-stick-meta":"","footnotes":""},"categories":[3,2,1],"tags":[],"class_list":["post-3158","post","type-post","status-publish","format-standard","has-post-thumbnail","hentry","category-blog","category-manifiestos","category-noticias"],"_links":{"self":[{"href":"https:\/\/asociacionlatinoamericanadeantropologia.net\/portal\/wp-json\/wp\/v2\/posts\/3158","targetHints":{"allow":["GET"]}}],"collection":[{"href":"https:\/\/asociacionlatinoamericanadeantropologia.net\/portal\/wp-json\/wp\/v2\/posts"}],"about":[{"href":"https:\/\/asociacionlatinoamericanadeantropologia.net\/portal\/wp-json\/wp\/v2\/types\/post"}],"author":[{"embeddable":true,"href":"https:\/\/asociacionlatinoamericanadeantropologia.net\/portal\/wp-json\/wp\/v2\/users\/17"}],"replies":[{"embeddable":true,"href":"https:\/\/asociacionlatinoamericanadeantropologia.net\/portal\/wp-json\/wp\/v2\/comments?post=3158"}],"version-history":[{"count":5,"href":"https:\/\/asociacionlatinoamericanadeantropologia.net\/portal\/wp-json\/wp\/v2\/posts\/3158\/revisions"}],"predecessor-version":[{"id":3235,"href":"https:\/\/asociacionlatinoamericanadeantropologia.net\/portal\/wp-json\/wp\/v2\/posts\/3158\/revisions\/3235"}],"wp:featuredmedia":[{"embeddable":true,"href":"https:\/\/asociacionlatinoamericanadeantropologia.net\/portal\/wp-json\/wp\/v2\/media\/3164"}],"wp:attachment":[{"href":"https:\/\/asociacionlatinoamericanadeantropologia.net\/portal\/wp-json\/wp\/v2\/media?parent=3158"}],"wp:term":[{"taxonomy":"category","embeddable":true,"href":"https:\/\/asociacionlatinoamericanadeantropologia.net\/portal\/wp-json\/wp\/v2\/categories?post=3158"},{"taxonomy":"post_tag","embeddable":true,"href":"https:\/\/asociacionlatinoamericanadeantropologia.net\/portal\/wp-json\/wp\/v2\/tags?post=3158"}],"curies":[{"name":"wp","href":"https:\/\/api.w.org\/{rel}","templated":true}]}}