{"id":4567,"date":"2026-01-20T10:35:31","date_gmt":"2026-01-20T10:35:31","guid":{"rendered":"https:\/\/asociacionlatinoamericanadeantropologia.net\/portal\/?p=4567"},"modified":"2026-01-22T10:42:58","modified_gmt":"2026-01-22T10:42:58","slug":"antropologia-urbana-dialogos-transdisciplinarios-experimentaciones-y-tensiones","status":"publish","type":"post","link":"https:\/\/asociacionlatinoamericanadeantropologia.net\/portal\/2026\/01\/20\/antropologia-urbana-dialogos-transdisciplinarios-experimentaciones-y-tensiones\/","title":{"rendered":"Antropolog\u00eda urbana: di\u00e1logos transdisciplinarios, experimentaciones y tensiones"},"content":{"rendered":"<p>El Grupo de Trabajo de Antropolog\u00eda Urbana de la Asociaci\u00f3n Latinoamericana de Antropolog\u00eda (ALA) presenta su eje tem\u00e1tico para 2026.<br \/>\nUn espacio para el intercambio cr\u00edtico, el cruce de saberes y la reflexi\u00f3n sobre las ciudades contempor\u00e1neas, con enfoque en Am\u00e9rica Latina.<\/p>\n<p>GT Urbano ALA 2026<br \/>\nCoordinaci\u00f3n:<br \/>\nFrancisca M\u00e1rquez (UAH \u2013 Chile)<br \/>\nJ\u00e9ssica Andrade (USP \u2013 Brasil)<br \/>\nJos\u00e9 Lu\u00eds \u00c1balos J\u00fanior (FURG \u2013 Brasil)<br \/>\nMar\u00eda Florencia Girola (CONICET \/ FFyL-UBA \u2013 Argentina)<\/p>\n<p>\ud83d\udccd Pr\u00f3ximamente m\u00e1s informaci\u00f3n.<\/p>\n<p>#Antropolog\u00edaUrbana #GTUrbano #Ciudades #Am\u00e9ricaLatina #Di\u00e1logoTransdisciplinarios<\/p>\n<p>&#8212;&#8212;&#8212;&#8212;&#8212;&#8212;&#8212;&#8212;<\/p>\n<p>Urban Anthropology: transdisciplinary dialogues, experimentations, and tensions<\/p>\n<p>The Urban Anthropology Working Group of the Latin American Anthropological Association (ALA) presents its thematic axis for 2026.<br \/>\nA space for critical exchange, cross-disciplinary dialogues, and reflection on contemporary cities, with a focus on Latin America.<\/p>\n<p>ALA Urban Anthropology WG 2026<br \/>\nCoordination:<br \/>\nFrancisca M\u00e1rquez (UAH \u2013 Chile)<br \/>\nJ\u00e9ssica Andrade (USP \u2013 Brazil)<br \/>\nJos\u00e9 Lu\u00eds \u00c1balos J\u00fanior (FURG \u2013 Brazil)<br \/>\nMar\u00eda Florencia Girola (CONICET \/ FFyL-UBA \u2013 Argentina)<\/p>\n<p>\ud83d\udccd More information coming soon.<\/p>\n","protected":false},"excerpt":{"rendered":"<p>El Grupo de Trabajo de Antropolog\u00eda Urbana de la Asociaci\u00f3n Latinoamericana de Antropolog\u00eda (ALA) presenta su eje tem\u00e1tico para 2026. Un espacio para el intercambio cr\u00edtico, el cruce de saberes y la reflexi\u00f3n sobre las ciudades contempor\u00e1neas, con enfoque en Am\u00e9rica Latina. GT Urbano ALA 2026 Coordinaci\u00f3n: Francisca M\u00e1rquez (UAH \u2013 Chile) J\u00e9ssica Andrade (USP &hellip;<\/p>\n<p class=\"read-more\"> <a class=\"\" href=\"https:\/\/asociacionlatinoamericanadeantropologia.net\/portal\/2026\/01\/20\/antropologia-urbana-dialogos-transdisciplinarios-experimentaciones-y-tensiones\/\"> <span class=\"screen-reader-text\">Antropolog\u00eda urbana: di\u00e1logos transdisciplinarios, experimentaciones y tensiones<\/span> Leer m\u00e1s &raquo;<\/a><\/p>\n","protected":false},"author":17,"featured_media":4569,"comment_status":"open","ping_status":"open","sticky":false,"template":"","format":"standard","meta":{"site-sidebar-layout":"default","site-content-layout":"default","ast-main-header-display":"","ast-hfb-above-header-display":"","ast-hfb-below-header-display":"","ast-hfb-mobile-header-display":"","site-post-title":"","ast-breadcrumbs-content":"","ast-featured-img":"","footer-sml-layout":"","theme-transparent-header-meta":"","adv-header-id-meta":"","stick-header-meta":"","header-above-stick-meta":"","header-main-stick-meta":"","header-below-stick-meta":"","footnotes":""},"categories":[3,1],"tags":[],"class_list":["post-4567","post","type-post","status-publish","format-standard","has-post-thumbnail","hentry","category-blog","category-noticias"],"_links":{"self":[{"href":"https:\/\/asociacionlatinoamericanadeantropologia.net\/portal\/wp-json\/wp\/v2\/posts\/4567","targetHints":{"allow":["GET"]}}],"collection":[{"href":"https:\/\/asociacionlatinoamericanadeantropologia.net\/portal\/wp-json\/wp\/v2\/posts"}],"about":[{"href":"https:\/\/asociacionlatinoamericanadeantropologia.net\/portal\/wp-json\/wp\/v2\/types\/post"}],"author":[{"embeddable":true,"href":"https:\/\/asociacionlatinoamericanadeantropologia.net\/portal\/wp-json\/wp\/v2\/users\/17"}],"replies":[{"embeddable":true,"href":"https:\/\/asociacionlatinoamericanadeantropologia.net\/portal\/wp-json\/wp\/v2\/comments?post=4567"}],"version-history":[{"count":1,"href":"https:\/\/asociacionlatinoamericanadeantropologia.net\/portal\/wp-json\/wp\/v2\/posts\/4567\/revisions"}],"predecessor-version":[{"id":4570,"href":"https:\/\/asociacionlatinoamericanadeantropologia.net\/portal\/wp-json\/wp\/v2\/posts\/4567\/revisions\/4570"}],"wp:featuredmedia":[{"embeddable":true,"href":"https:\/\/asociacionlatinoamericanadeantropologia.net\/portal\/wp-json\/wp\/v2\/media\/4569"}],"wp:attachment":[{"href":"https:\/\/asociacionlatinoamericanadeantropologia.net\/portal\/wp-json\/wp\/v2\/media?parent=4567"}],"wp:term":[{"taxonomy":"category","embeddable":true,"href":"https:\/\/asociacionlatinoamericanadeantropologia.net\/portal\/wp-json\/wp\/v2\/categories?post=4567"},{"taxonomy":"post_tag","embeddable":true,"href":"https:\/\/asociacionlatinoamericanadeantropologia.net\/portal\/wp-json\/wp\/v2\/tags?post=4567"}],"curies":[{"name":"wp","href":"https:\/\/api.w.org\/{rel}","templated":true}]}}